{"id":27249,"date":"2020-09-24T12:11:33","date_gmt":"2020-09-24T12:11:33","guid":{"rendered":"https:\/\/primariachitila.ro\/new\/?p=27249"},"modified":"2025-11-13T13:13:57","modified_gmt":"2025-11-13T13:13:57","slug":"programul-de-colectare-a-deseurilor-vegetale","status":"publish","type":"post","link":"https:\/\/primariachitila.ro\/new\/2020\/09\/24\/programul-de-colectare-a-deseurilor-vegetale\/","title":{"rendered":"PROGRAMUL DE COLECTARE A DE\u0218EURILOR VEGETALE"},"content":{"rendered":"\n<p><strong>V\u0103 comunic\u0103m programul de colectare a de\u0219eurilor vegetale de la blocuri \u0219i case, \u00een func\u021bie de zona \u00een care locui\u021bi.&nbsp;<\/strong><\/p>\n\n\n\n<p><br>Ce sunt de\u0219eurile vegetale? &#8211; De\u0219eurile vegetale sunt de\u0219euri provenite din toalet\u0103ri de arbori, arbu\u0219ti, tuns gard viu, cosit iarba etc.&nbsp;<\/p>\n\n\n\n<p><br><em><strong>De re\u021binut! De\u0219eurile vegetale rezultate din toaletarea spa\u021biilor verzi aferente asocia\u021biilor de proprietari (domeniul public) se depoziteaz\u0103 pe spa\u021biul verde, \u00een zona cu acces auto, cu respectarea perioadelor de toaletare.<\/strong><\/em><\/p>\n\n\n\n<p><br>Referitor la de\u0219eurile voluminoase (mobilier, covoare, saltele etc.), c\u00e2t \u0219i la de\u0219eurile din construc\u021bii (<strong>ATEN\u021aIE! Doar cele omogene\/amestec beton<\/strong>), acestea se ridic\u0103 contra cost de c\u0103tre operatorul de salubritate, la solicitarea beneficiarului.&nbsp;<\/p>\n\n\n\n<p><br>Operatorul de salubritate trebuie contactat \u00eenaintea \u00eenceperii lucr\u0103rilor pentru a putea pune la dispozi\u021bia solicitantului containere speciale pentru colectarea acestora.&nbsp;<\/p>\n\n\n\n<p><br>De\u0219eurile de echipamente electronice \u0219i electrice sunt colectate gratuit \u00een prima zi de luni a fiec\u0103rei luni, cu contactarea \u00een prealabil a operatorului de salubritate.<\/p>\n\n\n\n<p><br><em><strong>Contact &#8211; Alexandru Ghinea &#8211; 0747 122 140; 0739 083 409<\/strong><\/em><br><strong><em>Contribuie la imaginea urban\u0103 a Ora\u0219ului t\u0103u!<\/em><\/strong><\/p>\n","protected":false},"excerpt":{"rendered":"<p>V\u0103 comunic\u0103m programul de colectare a de\u0219eurilor vegetale de la blocuri \u0219i case, \u00een func\u021bie de zona \u00een care locui\u021bi.&nbsp; Ce sunt de\u0219eurile vegetale? &#8211; De\u0219eurile vegetale sunt de\u0219euri provenite din toalet\u0103ri de arbori, arbu\u0219ti, tuns gard viu, cosit iarba etc.&nbsp; De re\u021binut! De\u0219eurile vegetale rezultate din toaletarea spa\u021biilor verzi aferente asocia\u021biilor de proprietari (domeniul [&hellip;]<\/p>\n","protected":false},"author":6,"featured_media":26774,"comment_status":"open","ping_status":"closed","sticky":false,"template":"","format":"standard","meta":{"footnotes":""},"categories":[1],"tags":[],"class_list":["post-27249","post","type-post","status-publish","format-standard","has-post-thumbnail","hentry","category-uncategorized"],"_links":{"self":[{"href":"https:\/\/primariachitila.ro\/new\/wp-json\/wp\/v2\/posts\/27249","targetHints":{"allow":["GET"]}}],"collection":[{"href":"https:\/\/primariachitila.ro\/new\/wp-json\/wp\/v2\/posts"}],"about":[{"href":"https:\/\/primariachitila.ro\/new\/wp-json\/wp\/v2\/types\/post"}],"author":[{"embeddable":true,"href":"https:\/\/primariachitila.ro\/new\/wp-json\/wp\/v2\/users\/6"}],"replies":[{"embeddable":true,"href":"https:\/\/primariachitila.ro\/new\/wp-json\/wp\/v2\/comments?post=27249"}],"version-history":[{"count":1,"href":"https:\/\/primariachitila.ro\/new\/wp-json\/wp\/v2\/posts\/27249\/revisions"}],"predecessor-version":[{"id":27250,"href":"https:\/\/primariachitila.ro\/new\/wp-json\/wp\/v2\/posts\/27249\/revisions\/27250"}],"wp:featuredmedia":[{"embeddable":true,"href":"https:\/\/primariachitila.ro\/new\/wp-json\/wp\/v2\/media\/26774"}],"wp:attachment":[{"href":"https:\/\/primariachitila.ro\/new\/wp-json\/wp\/v2\/media?parent=27249"}],"wp:term":[{"taxonomy":"category","embeddable":true,"href":"https:\/\/primariachitila.ro\/new\/wp-json\/wp\/v2\/categories?post=27249"},{"taxonomy":"post_tag","embeddable":true,"href":"https:\/\/primariachitila.ro\/new\/wp-json\/wp\/v2\/tags?post=27249"}],"curies":[{"name":"wp","href":"https:\/\/api.w.org\/{rel}","templated":true}]}}