{"id":27253,"date":"2020-09-24T12:11:33","date_gmt":"2020-09-24T12:11:33","guid":{"rendered":"https:\/\/primariachitila.ro\/new\/?p=27253"},"modified":"2025-11-13T13:13:57","modified_gmt":"2025-11-13T13:13:57","slug":"declaratie-pe-propria-raspundere","status":"publish","type":"post","link":"https:\/\/primariachitila.ro\/new\/2020\/09\/24\/declaratie-pe-propria-raspundere\/","title":{"rendered":"DECLARA\u0162IE PE PROPRIA R\u0102SPUNDERE"},"content":{"rendered":"\n<p>Sunt exceptate de la obliga\u0163ia de a face declara\u0163ia pe propria r\u0103spundere privind calitatea de lucr\u0103tor al Securit\u0103\u0163ii sau de collaborator al acesteia, persoanele care la data de 22 decembrie 1989 nu \u00eempliniser\u0103 v\u00e2rsta de 16 ani<\/p>\n\n\n\n<div class=\"wp-block-file\"><a id=\"wp-block-file--media-26c518cf-0a5a-4946-8be8-4da5e0a5751d\" href=\"https:\/\/primariachitila.ro\/new\/wp-content\/uploads\/2025\/11\/Declaratie-pe-propria-raspundere-cf-OUG-24-din-2008.doc\">Declaratie pe propria raspundere cf OUG 24 din 2008<\/a><a href=\"https:\/\/primariachitila.ro\/new\/wp-content\/uploads\/2025\/11\/Declaratie-pe-propria-raspundere-cf-OUG-24-din-2008.doc\" class=\"wp-block-file__button wp-element-button\" download aria-describedby=\"wp-block-file--media-26c518cf-0a5a-4946-8be8-4da5e0a5751d\">Descarc\u0103<\/a><\/div>\n","protected":false},"excerpt":{"rendered":"<p>Sunt exceptate de la obliga\u0163ia de a face declara\u0163ia pe propria r\u0103spundere privind calitatea de lucr\u0103tor al Securit\u0103\u0163ii sau de collaborator al acesteia, persoanele care la data de 22 decembrie 1989 nu \u00eempliniser\u0103 v\u00e2rsta de 16 ani<\/p>\n","protected":false},"author":6,"featured_media":26774,"comment_status":"open","ping_status":"closed","sticky":false,"template":"","format":"standard","meta":{"footnotes":""},"categories":[1],"tags":[],"class_list":["post-27253","post","type-post","status-publish","format-standard","has-post-thumbnail","hentry","category-uncategorized"],"_links":{"self":[{"href":"https:\/\/primariachitila.ro\/new\/wp-json\/wp\/v2\/posts\/27253","targetHints":{"allow":["GET"]}}],"collection":[{"href":"https:\/\/primariachitila.ro\/new\/wp-json\/wp\/v2\/posts"}],"about":[{"href":"https:\/\/primariachitila.ro\/new\/wp-json\/wp\/v2\/types\/post"}],"author":[{"embeddable":true,"href":"https:\/\/primariachitila.ro\/new\/wp-json\/wp\/v2\/users\/6"}],"replies":[{"embeddable":true,"href":"https:\/\/primariachitila.ro\/new\/wp-json\/wp\/v2\/comments?post=27253"}],"version-history":[{"count":1,"href":"https:\/\/primariachitila.ro\/new\/wp-json\/wp\/v2\/posts\/27253\/revisions"}],"predecessor-version":[{"id":27255,"href":"https:\/\/primariachitila.ro\/new\/wp-json\/wp\/v2\/posts\/27253\/revisions\/27255"}],"wp:featuredmedia":[{"embeddable":true,"href":"https:\/\/primariachitila.ro\/new\/wp-json\/wp\/v2\/media\/26774"}],"wp:attachment":[{"href":"https:\/\/primariachitila.ro\/new\/wp-json\/wp\/v2\/media?parent=27253"}],"wp:term":[{"taxonomy":"category","embeddable":true,"href":"https:\/\/primariachitila.ro\/new\/wp-json\/wp\/v2\/categories?post=27253"},{"taxonomy":"post_tag","embeddable":true,"href":"https:\/\/primariachitila.ro\/new\/wp-json\/wp\/v2\/tags?post=27253"}],"curies":[{"name":"wp","href":"https:\/\/api.w.org\/{rel}","templated":true}]}}