{"id":38657,"date":"2026-03-16T08:38:27","date_gmt":"2026-03-16T08:38:27","guid":{"rendered":"https:\/\/primariachitila.ro\/new\/?p=38657"},"modified":"2026-03-16T08:38:30","modified_gmt":"2026-03-16T08:38:30","slug":"adopta-un-catel-54","status":"publish","type":"post","link":"https:\/\/primariachitila.ro\/new\/2026\/03\/16\/adopta-un-catel-54\/","title":{"rendered":"ADOPT\u0102 UN C\u0102\u021aEL!"},"content":{"rendered":"\n<p>ADOPT\u0102<\/p>\n\n\n\n<p>Salveaz\u0103 o via\u021b\u0103, adopt\u00e2nd un suflet!<\/p>\n\n\n\n<p>C\u00e2\u0219tig\u0103 un prieten pe via\u021b\u0103!<\/p>\n\n\n\n<p>C\u00e2ini captura\u021bi \u00een data de 03.03.2026<\/p>\n\n\n\n<p>Femel\u0103, 6 luni, culoare maro, talie mic\u0103, stare general\u0103 moderat\u0103, examen clinic s\u0103n\u0103tos, num\u0103r de identificare 20;<\/p>\n\n\n\n<p>Femel\u0103, 4 luni, culoare galben, talie mic\u0103, stare general\u0103 moderat\u0103, examen clinic s\u0103n\u0103tos, num\u0103r de identificare 21;<\/p>\n\n\n\n<p>Femel\u0103, 4 luni, culoare floriu (alb cu negru), talie mic\u0103, stare general\u0103 moderat\u0103, examen clinic s\u0103n\u0103tos, num\u0103r de identificare 22;<\/p>\n\n\n\n<p>Femel\u0103, 4 luni, culoare galben, talie mic\u0103, stare general\u0103 moderat\u0103, examen clinic s\u0103n\u0103tos, num\u0103r de identificare 23;<\/p>\n\n\n\n<p>Femel\u0103, 4 ani, culoare galben, talie mijlocie, stare general\u0103 moderat\u0103, examen clinic s\u0103n\u0103tos, num\u0103r de identificare 24.<\/p>\n\n\n\n<figure class=\"wp-block-gallery has-nested-images columns-default is-cropped wp-block-gallery-1 is-layout-flex wp-block-gallery-is-layout-flex\">\n<figure class=\"wp-block-image size-large\"><img fetchpriority=\"high\" decoding=\"async\" width=\"1024\" height=\"999\" data-id=\"38663\" src=\"https:\/\/primariachitila.ro\/new\/wp-content\/uploads\/2026\/03\/WhatsApp-Image-2026-03-16-at-08.45.30-2-1-1024x999.jpeg\" alt=\"\" class=\"wp-image-38663\" srcset=\"https:\/\/primariachitila.ro\/new\/wp-content\/uploads\/2026\/03\/WhatsApp-Image-2026-03-16-at-08.45.30-2-1-1024x999.jpeg 1024w, https:\/\/primariachitila.ro\/new\/wp-content\/uploads\/2026\/03\/WhatsApp-Image-2026-03-16-at-08.45.30-2-1-300x293.jpeg 300w, https:\/\/primariachitila.ro\/new\/wp-content\/uploads\/2026\/03\/WhatsApp-Image-2026-03-16-at-08.45.30-2-1-768x749.jpeg 768w, https:\/\/primariachitila.ro\/new\/wp-content\/uploads\/2026\/03\/WhatsApp-Image-2026-03-16-at-08.45.30-2-1-1536x1498.jpeg 1536w, https:\/\/primariachitila.ro\/new\/wp-content\/uploads\/2026\/03\/WhatsApp-Image-2026-03-16-at-08.45.30-2-1.jpeg 1841w\" sizes=\"(max-width: 1024px) 100vw, 1024px\" \/><\/figure>\n\n\n\n<figure class=\"wp-block-image size-large\"><img decoding=\"async\" width=\"590\" height=\"964\" data-id=\"38662\" src=\"https:\/\/primariachitila.ro\/new\/wp-content\/uploads\/2026\/03\/WhatsApp-Image-2026-03-16-at-08.45.30-1-1.jpeg\" alt=\"\" class=\"wp-image-38662\" srcset=\"https:\/\/primariachitila.ro\/new\/wp-content\/uploads\/2026\/03\/WhatsApp-Image-2026-03-16-at-08.45.30-1-1.jpeg 590w, https:\/\/primariachitila.ro\/new\/wp-content\/uploads\/2026\/03\/WhatsApp-Image-2026-03-16-at-08.45.30-1-1-184x300.jpeg 184w\" sizes=\"(max-width: 590px) 100vw, 590px\" \/><\/figure>\n\n\n\n<figure class=\"wp-block-image size-large\"><img decoding=\"async\" width=\"1024\" height=\"922\" data-id=\"38664\" src=\"https:\/\/primariachitila.ro\/new\/wp-content\/uploads\/2026\/03\/WhatsApp-Image-2026-03-16-at-08.45.30-4-1024x922.jpeg\" alt=\"\" class=\"wp-image-38664\" srcset=\"https:\/\/primariachitila.ro\/new\/wp-content\/uploads\/2026\/03\/WhatsApp-Image-2026-03-16-at-08.45.30-4-1024x922.jpeg 1024w, https:\/\/primariachitila.ro\/new\/wp-content\/uploads\/2026\/03\/WhatsApp-Image-2026-03-16-at-08.45.30-4-300x270.jpeg 300w, https:\/\/primariachitila.ro\/new\/wp-content\/uploads\/2026\/03\/WhatsApp-Image-2026-03-16-at-08.45.30-4-768x691.jpeg 768w, https:\/\/primariachitila.ro\/new\/wp-content\/uploads\/2026\/03\/WhatsApp-Image-2026-03-16-at-08.45.30-4.jpeg 1450w\" sizes=\"(max-width: 1024px) 100vw, 1024px\" \/><\/figure>\n<\/figure>\n","protected":false},"excerpt":{"rendered":"<p>ADOPT\u0102 Salveaz\u0103 o via\u021b\u0103, adopt\u00e2nd un suflet! C\u00e2\u0219tig\u0103 un prieten pe via\u021b\u0103! C\u00e2ini captura\u021bi \u00een data de 03.03.2026 Femel\u0103, 6 luni, culoare maro, talie mic\u0103, stare general\u0103 moderat\u0103, examen clinic s\u0103n\u0103tos, num\u0103r de identificare 20; Femel\u0103, 4 luni, culoare galben, talie mic\u0103, stare general\u0103 moderat\u0103, examen clinic s\u0103n\u0103tos, num\u0103r de identificare 21; Femel\u0103, 4 luni, [&hellip;]<\/p>\n","protected":false},"author":6,"featured_media":26732,"comment_status":"open","ping_status":"closed","sticky":false,"template":"","format":"standard","meta":{"footnotes":""},"categories":[130],"tags":[],"class_list":["post-38657","post","type-post","status-publish","format-standard","has-post-thumbnail","hentry","category-stiri"],"_links":{"self":[{"href":"https:\/\/primariachitila.ro\/new\/wp-json\/wp\/v2\/posts\/38657","targetHints":{"allow":["GET"]}}],"collection":[{"href":"https:\/\/primariachitila.ro\/new\/wp-json\/wp\/v2\/posts"}],"about":[{"href":"https:\/\/primariachitila.ro\/new\/wp-json\/wp\/v2\/types\/post"}],"author":[{"embeddable":true,"href":"https:\/\/primariachitila.ro\/new\/wp-json\/wp\/v2\/users\/6"}],"replies":[{"embeddable":true,"href":"https:\/\/primariachitila.ro\/new\/wp-json\/wp\/v2\/comments?post=38657"}],"version-history":[{"count":1,"href":"https:\/\/primariachitila.ro\/new\/wp-json\/wp\/v2\/posts\/38657\/revisions"}],"predecessor-version":[{"id":38665,"href":"https:\/\/primariachitila.ro\/new\/wp-json\/wp\/v2\/posts\/38657\/revisions\/38665"}],"wp:featuredmedia":[{"embeddable":true,"href":"https:\/\/primariachitila.ro\/new\/wp-json\/wp\/v2\/media\/26732"}],"wp:attachment":[{"href":"https:\/\/primariachitila.ro\/new\/wp-json\/wp\/v2\/media?parent=38657"}],"wp:term":[{"taxonomy":"category","embeddable":true,"href":"https:\/\/primariachitila.ro\/new\/wp-json\/wp\/v2\/categories?post=38657"},{"taxonomy":"post_tag","embeddable":true,"href":"https:\/\/primariachitila.ro\/new\/wp-json\/wp\/v2\/tags?post=38657"}],"curies":[{"name":"wp","href":"https:\/\/api.w.org\/{rel}","templated":true}]}}