{"id":39562,"date":"2026-09-01T08:05:05","date_gmt":"2026-09-01T08:05:05","guid":{"rendered":"https:\/\/primariachitila.ro\/new\/?p=39562"},"modified":"2026-09-01T08:05:09","modified_gmt":"2026-09-01T08:05:09","slug":"colectare-deseuri-voluminoase-in-chitila","status":"publish","type":"post","link":"https:\/\/primariachitila.ro\/new\/2026\/09\/01\/colectare-deseuri-voluminoase-in-chitila\/","title":{"rendered":"COLECTARE DE\u0218EURI VOLUMINOASE \u00ceN CHITILA"},"content":{"rendered":"\n<p class=\"wp-block-paragraph\">\u00cen aceast\u0103 s\u0103pt\u0103m\u00e2n\u0103, ridic\u0103m \u0219i de\u0219eurile voluminoase din gospod\u0103rii: saltele, paturi, canapele, fotolii, corpuri de mobilier \u0219i alte obiecte de mari dimensiuni.<\/p>\n\n\n\n<p class=\"wp-block-paragraph\"><img decoding=\"async\" height=\"16\" width=\"16\" alt=\"\ud83d\udcc5\" src=\"https:\/\/static.xx.fbcdn.net\/images\/emoji.php\/v9\/t7e\/1\/16\/1f4c5.png\"> De\u0219eurile voluminoase vor fi ridicate \u00een ziua de colectare alocat\u0103 fiec\u0103rei zone, conform programului obi\u0219nuit de ridicare a de\u0219eurilor.<\/p>\n\n\n\n<p class=\"wp-block-paragraph\">V\u0103 rug\u0103m s\u0103 le scoate\u021bi \u00een fa\u021ba propriet\u0103\u021bii \u00een ziua \u00een care este programat\u0103 colectarea pe strada dumneavoastr\u0103, \u00eentr-un loc accesibil echipelor de salubritate \u0219i f\u0103r\u0103 a bloca circula\u021bia.<\/p>\n\n\n\n<p class=\"wp-block-paragraph\"><img decoding=\"async\" height=\"16\" width=\"16\" alt=\"\u26a0\ufe0f\" src=\"https:\/\/static.xx.fbcdn.net\/images\/emoji.php\/v9\/tdc\/1\/16\/26a0.png\"> De\u0219eurile provenite din construc\u021bii, renov\u0103ri sau demol\u0103ri (moloz, c\u0103r\u0103mizi, beton etc.) nu fac parte din aceast\u0103 campanie.<\/p>\n\n\n\n<p class=\"wp-block-paragraph\">V\u0103 mul\u021bumim pentru implicare \u0219i pentru c\u0103 ne ajuta\u021bi s\u0103 p\u0103str\u0103m Chitila curat\u0103!<\/p>\n","protected":false},"excerpt":{"rendered":"<p>\u00cen aceast\u0103 s\u0103pt\u0103m\u00e2n\u0103, ridic\u0103m \u0219i de\u0219eurile voluminoase din gospod\u0103rii: saltele, paturi, canapele, fotolii, corpuri de mobilier \u0219i alte obiecte de mari dimensiuni. De\u0219eurile voluminoase vor fi ridicate \u00een ziua de colectare alocat\u0103 fiec\u0103rei zone, conform programului obi\u0219nuit de ridicare a de\u0219eurilor. V\u0103 rug\u0103m s\u0103 le scoate\u021bi \u00een fa\u021ba propriet\u0103\u021bii \u00een ziua \u00een care este programat\u0103 [&hellip;]<\/p>\n","protected":false},"author":2,"featured_media":39563,"comment_status":"open","ping_status":"closed","sticky":false,"template":"","format":"standard","meta":{"footnotes":""},"categories":[130],"tags":[],"class_list":["post-39562","post","type-post","status-publish","format-standard","has-post-thumbnail","hentry","category-stiri"],"_links":{"self":[{"href":"https:\/\/primariachitila.ro\/new\/wp-json\/wp\/v2\/posts\/39562","targetHints":{"allow":["GET"]}}],"collection":[{"href":"https:\/\/primariachitila.ro\/new\/wp-json\/wp\/v2\/posts"}],"about":[{"href":"https:\/\/primariachitila.ro\/new\/wp-json\/wp\/v2\/types\/post"}],"author":[{"embeddable":true,"href":"https:\/\/primariachitila.ro\/new\/wp-json\/wp\/v2\/users\/2"}],"replies":[{"embeddable":true,"href":"https:\/\/primariachitila.ro\/new\/wp-json\/wp\/v2\/comments?post=39562"}],"version-history":[{"count":1,"href":"https:\/\/primariachitila.ro\/new\/wp-json\/wp\/v2\/posts\/39562\/revisions"}],"predecessor-version":[{"id":39564,"href":"https:\/\/primariachitila.ro\/new\/wp-json\/wp\/v2\/posts\/39562\/revisions\/39564"}],"wp:featuredmedia":[{"embeddable":true,"href":"https:\/\/primariachitila.ro\/new\/wp-json\/wp\/v2\/media\/39563"}],"wp:attachment":[{"href":"https:\/\/primariachitila.ro\/new\/wp-json\/wp\/v2\/media?parent=39562"}],"wp:term":[{"taxonomy":"category","embeddable":true,"href":"https:\/\/primariachitila.ro\/new\/wp-json\/wp\/v2\/categories?post=39562"},{"taxonomy":"post_tag","embeddable":true,"href":"https:\/\/primariachitila.ro\/new\/wp-json\/wp\/v2\/tags?post=39562"}],"curies":[{"name":"wp","href":"https:\/\/api.w.org\/{rel}","templated":true}]}}