{"id":958,"date":"2024-08-07T04:22:00","date_gmt":"2024-08-07T04:22:00","guid":{"rendered":"https:\/\/primariachitila.ro\/new\/?p=958"},"modified":"2025-11-13T10:39:33","modified_gmt":"2025-11-13T10:39:33","slug":"orasul-chitila-continua-procesul-de-digitalizare-cu-fonduri-pnrr","status":"publish","type":"post","link":"https:\/\/primariachitila.ro\/new\/2024\/08\/07\/orasul-chitila-continua-procesul-de-digitalizare-cu-fonduri-pnrr\/","title":{"rendered":"Ora\u0219ul Chitila continu\u0103 procesul de digitalizare cu fonduri PNRR"},"content":{"rendered":"\n<h4 class=\"wp-block-heading\">\u201eNe preocup\u0103m permanent de confortul cet\u0103\u021benilor, prin digitalizarea serviciilor oferite de prim\u0103rie urm\u0103rind eficientizarea comunic\u0103rii cu ace\u0219tia \u0219i reducerea timpului petrecut pentru solu\u021bionarea problemelor. Speran\u021ba mea este c\u0103, \u00eentr-un viitor apropiat, cet\u0103\u021benii s\u0103 aib\u0103 acces online la toate serviciile oferite de prim\u0103rie\u201d, afirm\u0103 Emilian Oprea, primarul ora\u0219ului Chitila.<\/h4>\n\n\n\n<h4 class=\"wp-block-heading\">\u00cen cur\u00e2nd vom avea \u00een format digital documenta\u021biile de amenajare a teritoriului \u0219i de urbanism, prin realizarea unei h\u0103r\u021bi digitale a Ora\u0219ului Chitila care s\u0103 includ\u0103 informa\u021biile din Planul Urbanistic General (PUG) al ora\u0219ului \u0219i Integrarea datelor PUG \u00eentr-un sistem de informa\u021bii geografice (GIS) pentru a asigura o gestionare mai eficient\u0103 a informa\u021biilor \u0219i o mai bun\u0103 analiz\u0103 a acestora.<\/h4>\n\n\n\n<h4 class=\"wp-block-heading\">Realiz\u0103m toate acestea prin proiectul \u201eTranspunerea Planului Urbanistic General al Ora\u0219 Chitila \u00een format GIS\u201d, finan\u021bat cu fonduri PNRR, care are \u00een vedere realizarea tranzi\u021biei administra\u021biei locale c\u0103tre sistemele informatice suport pentru monitorizarea aplic\u0103rii \u00een timp a documenta\u021biilor de urbanism \u0219i de execu\u021bie a autoriza\u021biilor de construire.<\/h4>\n\n\n\n<h4 class=\"wp-block-heading\"><br>Proiectul va aduce beneficii semnificative pentru dezvoltarea urbanistic\u0103 a ora\u0219ului Chitila, \u00eembun\u0103t\u0103\u021bind procesul de luare a deciziilor \u0219i asigur\u00e2nd o mai bun\u0103 gestionare a informa\u021biilor legate de dezvoltarea ora\u0219ului.<\/h4>\n\n\n\n<h4 class=\"wp-block-heading\">Vom crea baza de date urban\u0103 la nivel de parcel\u0103 cadastral\u0103 cu reglement\u0103rile urbanistice stabilite prin PUG aprobat care va constitui ulterior suportul informatic pentru emiterea \u00een format electronic Certificatelor de Urbanism.<\/h4>\n\n\n\n<h4 class=\"wp-block-heading\">Un alt proiect este \u201eE-Chitila &#8211; Servicii on-line\u201d, al c\u0103rui obiectiv general \u00eel constituie eficientizarea \u0219i digitalizarea interac\u021biunii Prim\u0103riei Ora\u0219ului Chitila cu publicul \u0219i cu mediul de afaceri prin implementarea unui sistem informatic integrat \u0219i dotarea institu\u021biei cu infrastructura hardware capabil\u0103 s\u0103 sus\u021bin\u0103 din punct de vedere tehnic implementarea acestei solu\u021bii de digitalizare. Fiecare cet\u0103\u021bean va avea un cont personal pe platforma intitu\u021biei, va avea la dispozi\u021bie documente online pe care s\u0103 le depun\u0103 de la distan\u021b\u0103, se va putea programa pentru interac\u021biunea fizic\u0103 sau virtual\u0103 cu func\u021bionarul public, va putea face sesiz\u0103ri online, va putea aplica pentru bugetare participativ\u0103.<\/h4>\n\n\n\n<h4 class=\"wp-block-heading\">\u201eVom \u00eembun\u0103t\u0103\u021bi calitatea \u0219i eficien\u021ba serviciilor publice locale prin digitalizarea proceselor administrative, vom cre\u0219te gradul de transparen\u021b\u0103 \u0219i accesibilitate pentru cet\u0103\u021beni \u0219i \u00eentreprinderi \u0219i vom reduce birocra\u021bia \u0219i timpului necesar pentru eliberarea documentelor sau solu\u021bionarea diferitelor cereri\u201d, declar\u0103 Emilian Oprea, primarul ora\u0219ului Chitila.<\/h4>\n","protected":false},"excerpt":{"rendered":"<p>\u201eNe preocup\u0103m permanent de confortul cet\u0103\u021benilor, prin digitalizarea serviciilor oferite de prim\u0103rie urm\u0103rind eficientizarea comunic\u0103rii cu ace\u0219tia \u0219i reducerea timpului petrecut pentru solu\u021bionarea problemelor. Speran\u021ba mea este c\u0103, \u00eentr-un viitor apropiat, cet\u0103\u021benii s\u0103 aib\u0103 acces online la toate serviciile oferite de prim\u0103rie\u201d, afirm\u0103 Emilian Oprea, primarul ora\u0219ului Chitila. \u00cen cur\u00e2nd vom avea \u00een format digital [&hellip;]<\/p>\n","protected":false},"author":6,"featured_media":19475,"comment_status":"open","ping_status":"closed","sticky":false,"template":"","format":"standard","meta":{"footnotes":""},"categories":[130],"tags":[],"class_list":["post-958","post","type-post","status-publish","format-standard","has-post-thumbnail","hentry","category-stiri"],"_links":{"self":[{"href":"https:\/\/primariachitila.ro\/new\/wp-json\/wp\/v2\/posts\/958","targetHints":{"allow":["GET"]}}],"collection":[{"href":"https:\/\/primariachitila.ro\/new\/wp-json\/wp\/v2\/posts"}],"about":[{"href":"https:\/\/primariachitila.ro\/new\/wp-json\/wp\/v2\/types\/post"}],"author":[{"embeddable":true,"href":"https:\/\/primariachitila.ro\/new\/wp-json\/wp\/v2\/users\/6"}],"replies":[{"embeddable":true,"href":"https:\/\/primariachitila.ro\/new\/wp-json\/wp\/v2\/comments?post=958"}],"version-history":[{"count":2,"href":"https:\/\/primariachitila.ro\/new\/wp-json\/wp\/v2\/posts\/958\/revisions"}],"predecessor-version":[{"id":27022,"href":"https:\/\/primariachitila.ro\/new\/wp-json\/wp\/v2\/posts\/958\/revisions\/27022"}],"wp:featuredmedia":[{"embeddable":true,"href":"https:\/\/primariachitila.ro\/new\/wp-json\/wp\/v2\/media\/19475"}],"wp:attachment":[{"href":"https:\/\/primariachitila.ro\/new\/wp-json\/wp\/v2\/media?parent=958"}],"wp:term":[{"taxonomy":"category","embeddable":true,"href":"https:\/\/primariachitila.ro\/new\/wp-json\/wp\/v2\/categories?post=958"},{"taxonomy":"post_tag","embeddable":true,"href":"https:\/\/primariachitila.ro\/new\/wp-json\/wp\/v2\/tags?post=958"}],"curies":[{"name":"wp","href":"https:\/\/api.w.org\/{rel}","templated":true}]}}